{"id":12916,"date":"2017-11-11T22:45:01","date_gmt":"2017-11-12T01:45:01","guid":{"rendered":"http:\/\/asociacionicm.org.ar\/web\/?p=12916"},"modified":"2023-08-16T13:20:09","modified_gmt":"2023-08-16T16:20:09","slug":"inscripcion-y-entrega-de-kits","status":"publish","type":"post","link":"https:\/\/asociacionicm.org.ar\/web\/inscripcion-y-entrega-de-kits\/","title":{"rendered":"SABADO: INSCRIPCION Y ENTREGA DE KITS"},"content":{"rendered":"<p>Les dejamos algunas im\u00e1genes de los voluntarios y staff de la asociaci\u00f3n ex-alumnos icm, colaborando con la inscripci\u00f3n y entrega de kits.<\/p>\n<p>Ma\u00f1ana podr\u00e1n inscribirse desde las 7:30 y hasta las 8:30 hs.<\/p>\n<h1><strong>La largada es a las 9:00 hs.<\/strong><\/h1>\n<p>Los esperamos a todos y gracias por su apoyo!!<\/p>\n<div class=\"fusion-fullwidth fullwidth-box fusion-builder-row-1 hundred-percent-fullwidth non-hundred-percent-height-scrolling\" style=\"--awb-border-radius-top-left:0px;--awb-border-radius-top-right:0px;--awb-border-radius-bottom-right:0px;--awb-border-radius-bottom-left:0px;--awb-overflow:visible;--awb-flex-wrap:wrap;\" ><div class=\"fusion-builder-row fusion-row\"><div class=\"fusion-layout-column fusion_builder_column fusion-builder-column-0 fusion_builder_column_1_1 1_1 fusion-one-full fusion-column-first fusion-column-last fusion-column-no-min-height\" style=\"--awb-bg-size:cover;--awb-margin-bottom:0px;\"><div class=\"fusion-column-wrapper fusion-flex-column-wrapper-legacy\"><div class=\"fusion-image-carousel fusion-image-carousel-fixed fusion-image-carousel-1 lightbox-enabled fusion-carousel-border\"><div class=\"awb-carousel awb-swiper awb-swiper-carousel\" data-autoplay=\"no\" data-columns=\"5\" data-itemmargin=\"13\" data-itemwidth=\"180\" data-touchscroll=\"no\" data-imagesize=\"fixed\"><div class=\"swiper-wrapper awb-image-carousel-wrapper fusion-flex-align-items-center\"><div class=\"swiper-slide\"><div class=\"fusion-carousel-item-wrapper\"><div class=\"fusion-image-wrapper hover-type-none\"><a data-rel=\"iLightbox[image_carousel_1]\" href=\"http:\/\/asociacionicm.org.ar\/web\/wp-content\/uploads\/2017\/11\/jornada-kits1-e1510450022707-576x1024.jpg\" target=\"_self\"><img decoding=\"async\" src=\"http:\/\/asociacionicm.org.ar\/web\/wp-content\/uploads\/2017\/11\/jornada-kits1-e1510450022707-576x1024.jpg\" alt=\"\"\/><\/a><\/div><\/div><\/div><div class=\"swiper-slide\"><div class=\"fusion-carousel-item-wrapper\"><div class=\"fusion-image-wrapper hover-type-none\"><a data-rel=\"iLightbox[image_carousel_1]\" href=\"http:\/\/asociacionicm.org.ar\/web\/wp-content\/uploads\/2017\/11\/jornada-kits2-1024x576.jpg\" target=\"_self\"><img decoding=\"async\" src=\"http:\/\/asociacionicm.org.ar\/web\/wp-content\/uploads\/2017\/11\/jornada-kits2-1024x576.jpg\" alt=\"\"\/><\/a><\/div><\/div><\/div><div class=\"swiper-slide\"><div class=\"fusion-carousel-item-wrapper\"><div class=\"fusion-image-wrapper hover-type-none\"><a data-rel=\"iLightbox[image_carousel_1]\" href=\"http:\/\/asociacionicm.org.ar\/web\/wp-content\/uploads\/2017\/11\/jornada-kits3-1024x576.jpg\" target=\"_self\"><img decoding=\"async\" src=\"http:\/\/asociacionicm.org.ar\/web\/wp-content\/uploads\/2017\/11\/jornada-kits3-1024x576.jpg\" alt=\"\"\/><\/a><\/div><\/div><\/div><div class=\"swiper-slide\"><div class=\"fusion-carousel-item-wrapper\"><div class=\"fusion-image-wrapper hover-type-none\"><a data-rel=\"iLightbox[image_carousel_1]\" href=\"http:\/\/asociacionicm.org.ar\/web\/wp-content\/uploads\/2017\/11\/jornada-kits5-1024x576.jpg\" target=\"_self\"><img decoding=\"async\" src=\"http:\/\/asociacionicm.org.ar\/web\/wp-content\/uploads\/2017\/11\/jornada-kits5-1024x576.jpg\" alt=\"\"\/><\/a><\/div><\/div><\/div><div class=\"swiper-slide\"><div class=\"fusion-carousel-item-wrapper\"><div class=\"fusion-image-wrapper hover-type-none\"><a data-rel=\"iLightbox[image_carousel_1]\" href=\"http:\/\/asociacionicm.org.ar\/web\/wp-content\/uploads\/2017\/11\/jornada-kits6-1024x768.jpg\" target=\"_self\"><img decoding=\"async\" src=\"http:\/\/asociacionicm.org.ar\/web\/wp-content\/uploads\/2017\/11\/jornada-kits6-1024x768.jpg\" alt=\"\"\/><\/a><\/div><\/div><\/div><div class=\"swiper-slide\"><div class=\"fusion-carousel-item-wrapper\"><div class=\"fusion-image-wrapper hover-type-none\"><a data-rel=\"iLightbox[image_carousel_1]\" href=\"http:\/\/asociacionicm.org.ar\/web\/wp-content\/uploads\/2017\/11\/jornada-kits7-1024x768.jpg\" target=\"_self\"><img decoding=\"async\" src=\"http:\/\/asociacionicm.org.ar\/web\/wp-content\/uploads\/2017\/11\/jornada-kits7-1024x768.jpg\" alt=\"\"\/><\/a><\/div><\/div><\/div><div class=\"swiper-slide\"><div class=\"fusion-carousel-item-wrapper\"><div class=\"fusion-image-wrapper hover-type-none\"><a data-rel=\"iLightbox[image_carousel_1]\" href=\"http:\/\/asociacionicm.org.ar\/web\/wp-content\/uploads\/2017\/11\/jornada-kits8-1024x768.jpg\" target=\"_self\"><img decoding=\"async\" src=\"http:\/\/asociacionicm.org.ar\/web\/wp-content\/uploads\/2017\/11\/jornada-kits8-1024x768.jpg\" alt=\"\"\/><\/a><\/div><\/div><\/div><div class=\"swiper-slide\"><div class=\"fusion-carousel-item-wrapper\"><div class=\"fusion-image-wrapper hover-type-none\"><a data-rel=\"iLightbox[image_carousel_1]\" href=\"http:\/\/asociacionicm.org.ar\/web\/wp-content\/uploads\/2017\/11\/jornada-kits9-1024x768.jpg\" target=\"_self\"><img decoding=\"async\" src=\"http:\/\/asociacionicm.org.ar\/web\/wp-content\/uploads\/2017\/11\/jornada-kits9-1024x768.jpg\" alt=\"\"\/><\/a><\/div><\/div><\/div><div class=\"swiper-slide\"><div class=\"fusion-carousel-item-wrapper\"><div class=\"fusion-image-wrapper hover-type-none\"><a data-rel=\"iLightbox[image_carousel_1]\" href=\"http:\/\/asociacionicm.org.ar\/web\/wp-content\/uploads\/2017\/11\/jornada-kits10-1024x768.jpg\" target=\"_self\"><img decoding=\"async\" src=\"http:\/\/asociacionicm.org.ar\/web\/wp-content\/uploads\/2017\/11\/jornada-kits10-1024x768.jpg\" alt=\"\"\/><\/a><\/div><\/div><\/div><div class=\"swiper-slide\"><div class=\"fusion-carousel-item-wrapper\"><div class=\"fusion-image-wrapper hover-type-none\"><a data-rel=\"iLightbox[image_carousel_1]\" href=\"http:\/\/asociacionicm.org.ar\/web\/wp-content\/uploads\/2017\/11\/jornada-kits11-1024x768.jpg\" target=\"_self\"><img decoding=\"async\" src=\"http:\/\/asociacionicm.org.ar\/web\/wp-content\/uploads\/2017\/11\/jornada-kits11-1024x768.jpg\" alt=\"\"\/><\/a><\/div><\/div><\/div><div class=\"swiper-slide\"><div class=\"fusion-carousel-item-wrapper\"><div class=\"fusion-image-wrapper hover-type-none\"><a data-rel=\"iLightbox[image_carousel_1]\" href=\"http:\/\/asociacionicm.org.ar\/web\/wp-content\/uploads\/2017\/11\/jornada-kits12-1024x768.jpg\" target=\"_self\"><img decoding=\"async\" src=\"http:\/\/asociacionicm.org.ar\/web\/wp-content\/uploads\/2017\/11\/jornada-kits12-1024x768.jpg\" alt=\"\"\/><\/a><\/div><\/div><\/div><div class=\"swiper-slide\"><div class=\"fusion-carousel-item-wrapper\"><div class=\"fusion-image-wrapper hover-type-none\"><a data-rel=\"iLightbox[image_carousel_1]\" href=\"http:\/\/asociacionicm.org.ar\/web\/wp-content\/uploads\/2017\/11\/jornada-kits13-1024x768.jpg\" target=\"_self\"><img decoding=\"async\" src=\"http:\/\/asociacionicm.org.ar\/web\/wp-content\/uploads\/2017\/11\/jornada-kits13-1024x768.jpg\" alt=\"\"\/><\/a><\/div><\/div><\/div><div class=\"swiper-slide\"><div class=\"fusion-carousel-item-wrapper\"><div class=\"fusion-image-wrapper hover-type-none\"><a data-rel=\"iLightbox[image_carousel_1]\" href=\"http:\/\/asociacionicm.org.ar\/web\/wp-content\/uploads\/2017\/11\/IMG-20171111-WA0015-1024x768.jpg\" target=\"_self\"><img decoding=\"async\" src=\"http:\/\/asociacionicm.org.ar\/web\/wp-content\/uploads\/2017\/11\/IMG-20171111-WA0015-1024x768.jpg\" alt=\"\"\/><\/a><\/div><\/div><\/div><div class=\"swiper-slide\"><div class=\"fusion-carousel-item-wrapper\"><div class=\"fusion-image-wrapper hover-type-none\"><a data-rel=\"iLightbox[image_carousel_1]\" href=\"http:\/\/asociacionicm.org.ar\/web\/wp-content\/uploads\/2017\/11\/IMG-20171111-WA0039-1024x768.jpg\" target=\"_self\"><img decoding=\"async\" src=\"http:\/\/asociacionicm.org.ar\/web\/wp-content\/uploads\/2017\/11\/IMG-20171111-WA0039-1024x768.jpg\" alt=\"\"\/><\/a><\/div><\/div><\/div><\/div><div class=\"awb-swiper-button awb-swiper-button-prev\"><i class=\"awb-icon-angle-left\" aria-hidden=\"true\"><\/i><\/div><div class=\"awb-swiper-button awb-swiper-button-next\"><i class=\"awb-icon-angle-right\" aria-hidden=\"true\"><\/i><\/div><\/div><\/div>\n<p>&nbsp;<div class=\"fusion-clearfix\"><\/div><\/div><\/div><\/div><\/div>\n","protected":false},"excerpt":{"rendered":"<p>Les dejamos algunas im\u00e1genes de los voluntarios y staff de la asociaci\u00f3n ex-alumnos icm, colaborando con la inscripci\u00f3n y entrega de kits. Ma\u00f1ana podr\u00e1n inscribirse desde las 7:30 y hasta las 8:30 hs. La largada es a las 9:00 hs. Los esperamos a todos y gracias por su apoyo!!<\/p>\n","protected":false},"author":3,"featured_media":12918,"comment_status":"open","ping_status":"open","sticky":false,"template":"","format":"standard","meta":{"footnotes":""},"categories":[38],"tags":[],"class_list":["post-12916","post","type-post","status-publish","format-standard","has-post-thumbnail","hentry","category-maraton"],"_links":{"self":[{"href":"https:\/\/asociacionicm.org.ar\/web\/wp-json\/wp\/v2\/posts\/12916","targetHints":{"allow":["GET"]}}],"collection":[{"href":"https:\/\/asociacionicm.org.ar\/web\/wp-json\/wp\/v2\/posts"}],"about":[{"href":"https:\/\/asociacionicm.org.ar\/web\/wp-json\/wp\/v2\/types\/post"}],"author":[{"embeddable":true,"href":"https:\/\/asociacionicm.org.ar\/web\/wp-json\/wp\/v2\/users\/3"}],"replies":[{"embeddable":true,"href":"https:\/\/asociacionicm.org.ar\/web\/wp-json\/wp\/v2\/comments?post=12916"}],"version-history":[{"count":7,"href":"https:\/\/asociacionicm.org.ar\/web\/wp-json\/wp\/v2\/posts\/12916\/revisions"}],"predecessor-version":[{"id":13412,"href":"https:\/\/asociacionicm.org.ar\/web\/wp-json\/wp\/v2\/posts\/12916\/revisions\/13412"}],"wp:featuredmedia":[{"embeddable":true,"href":"https:\/\/asociacionicm.org.ar\/web\/wp-json\/wp\/v2\/media\/12918"}],"wp:attachment":[{"href":"https:\/\/asociacionicm.org.ar\/web\/wp-json\/wp\/v2\/media?parent=12916"}],"wp:term":[{"taxonomy":"category","embeddable":true,"href":"https:\/\/asociacionicm.org.ar\/web\/wp-json\/wp\/v2\/categories?post=12916"},{"taxonomy":"post_tag","embeddable":true,"href":"https:\/\/asociacionicm.org.ar\/web\/wp-json\/wp\/v2\/tags?post=12916"}],"curies":[{"name":"wp","href":"https:\/\/api.w.org\/{rel}","templated":true}]}}